{"id":2902,"date":"2026-03-18T14:10:43","date_gmt":"2026-03-18T14:10:43","guid":{"rendered":"https:\/\/colcar.cl\/inicio\/?p=2902"},"modified":"2026-03-18T14:10:43","modified_gmt":"2026-03-18T14:10:43","slug":"visita-directores-facc","status":"publish","type":"post","link":"https:\/\/colcar.cl\/inicio\/visita-directores-facc\/","title":{"rendered":"Visita Directores FACC"},"content":{"rendered":"\n<p>El pasado 17 de marzo recibimos la destacada visita de Don Pablo Lubascher, Director Ejecutivo, junto a Sra Andrea Pe\u00f1aranda, Directora de Educaci\u00f3n, quienes compartieron una enriquecedora jornada con nuestra comunidad.<\/p>\n\n\n\n<p>Esta instancia permiti\u00f3 reafirmar el trabajo colaborativo y el compromiso con una educaci\u00f3n de calidad, centrada en el desarrollo integral de nuestros estudiantes.<\/p>\n\n\n\n<p>Agradecemos sinceramente su visita impulsando iniciativas que contribuyan al crecimiento y mejora continua de nuestra comunidad.<\/p>\n","protected":false},"excerpt":{"rendered":"<p>El pasado 17 de marzo recibimos la destacada visita de Don Pablo Lubascher, Director Ejecutivo, junto a Sra Andrea Pe\u00f1aranda, Directora de Educaci\u00f3n, quienes compartieron una enriquecedora jornada con nuestra comunidad. Esta instancia permiti\u00f3 reafirmar el trabajo colaborativo y el compromiso con una educaci\u00f3n de calidad, centrada en el desarrollo integral de nuestros estudiantes. Agradecemos [&hellip;]<\/p>\n","protected":false},"author":3,"featured_media":2903,"comment_status":"open","ping_status":"open","sticky":false,"template":"","format":"standard","meta":{"footnotes":""},"categories":[1],"tags":[],"class_list":["post-2902","post","type-post","status-publish","format-standard","has-post-thumbnail","hentry","category-uncategorized"],"_links":{"self":[{"href":"https:\/\/colcar.cl\/inicio\/wp-json\/wp\/v2\/posts\/2902","targetHints":{"allow":["GET"]}}],"collection":[{"href":"https:\/\/colcar.cl\/inicio\/wp-json\/wp\/v2\/posts"}],"about":[{"href":"https:\/\/colcar.cl\/inicio\/wp-json\/wp\/v2\/types\/post"}],"author":[{"embeddable":true,"href":"https:\/\/colcar.cl\/inicio\/wp-json\/wp\/v2\/users\/3"}],"replies":[{"embeddable":true,"href":"https:\/\/colcar.cl\/inicio\/wp-json\/wp\/v2\/comments?post=2902"}],"version-history":[{"count":1,"href":"https:\/\/colcar.cl\/inicio\/wp-json\/wp\/v2\/posts\/2902\/revisions"}],"predecessor-version":[{"id":2904,"href":"https:\/\/colcar.cl\/inicio\/wp-json\/wp\/v2\/posts\/2902\/revisions\/2904"}],"wp:featuredmedia":[{"embeddable":true,"href":"https:\/\/colcar.cl\/inicio\/wp-json\/wp\/v2\/media\/2903"}],"wp:attachment":[{"href":"https:\/\/colcar.cl\/inicio\/wp-json\/wp\/v2\/media?parent=2902"}],"wp:term":[{"taxonomy":"category","embeddable":true,"href":"https:\/\/colcar.cl\/inicio\/wp-json\/wp\/v2\/categories?post=2902"},{"taxonomy":"post_tag","embeddable":true,"href":"https:\/\/colcar.cl\/inicio\/wp-json\/wp\/v2\/tags?post=2902"}],"curies":[{"name":"wp","href":"https:\/\/api.w.org\/{rel}","templated":true}]}}