{"id":2899,"date":"2026-03-16T12:43:05","date_gmt":"2026-03-16T12:43:05","guid":{"rendered":"https:\/\/colcar.cl\/inicio\/?p=2899"},"modified":"2026-03-16T12:43:05","modified_gmt":"2026-03-16T12:43:05","slug":"eleccion-centro-general-de-padres-2026","status":"publish","type":"post","link":"https:\/\/colcar.cl\/inicio\/eleccion-centro-general-de-padres-2026\/","title":{"rendered":"Elecci\u00f3n Centro General de Padres 2026"},"content":{"rendered":"\n<p>La comunidad educativa informa la conformaci\u00f3n del <strong>Centro General de Padres y Apoderados 2026<\/strong>, instancia que representa y promueve la participaci\u00f3n de las familias en el quehacer del establecimiento.<\/p>\n\n\n\n<p>La directiva qued\u00f3 conformada por:<\/p>\n\n\n\n<ul class=\"wp-block-list\">\n<li>Sr. Joaqu\u00edn Jara Betancourt \u2013 Presidente<\/li>\n\n\n\n<li>Sra. Victoria Pinto Pastorini \u2013 Tesorera<\/li>\n\n\n\n<li>Sra. Ayleen Mella Riquelme \u2013 Secretaria<\/li>\n\n\n\n<li>Sra. Alicia Canales Verdejo \u2013 Delegada<\/li>\n<\/ul>\n\n\n\n<p>Como colegio, felicitamos a la nueva directiva y les deseamos \u00e9xito en su gesti\u00f3n, agradeciendo su compromiso con el bienestar y desarrollo de nuestra comunidad educativa.<\/p>\n","protected":false},"excerpt":{"rendered":"<p>La comunidad educativa informa la conformaci\u00f3n del Centro General de Padres y Apoderados 2026, instancia que representa y promueve la participaci\u00f3n de las familias en el quehacer del establecimiento. La directiva qued\u00f3 conformada por: Como colegio, felicitamos a la nueva directiva y les deseamos \u00e9xito en su gesti\u00f3n, agradeciendo su compromiso con el bienestar y [&hellip;]<\/p>\n","protected":false},"author":3,"featured_media":2900,"comment_status":"open","ping_status":"open","sticky":false,"template":"","format":"standard","meta":{"footnotes":""},"categories":[1],"tags":[],"class_list":["post-2899","post","type-post","status-publish","format-standard","has-post-thumbnail","hentry","category-uncategorized"],"_links":{"self":[{"href":"https:\/\/colcar.cl\/inicio\/wp-json\/wp\/v2\/posts\/2899","targetHints":{"allow":["GET"]}}],"collection":[{"href":"https:\/\/colcar.cl\/inicio\/wp-json\/wp\/v2\/posts"}],"about":[{"href":"https:\/\/colcar.cl\/inicio\/wp-json\/wp\/v2\/types\/post"}],"author":[{"embeddable":true,"href":"https:\/\/colcar.cl\/inicio\/wp-json\/wp\/v2\/users\/3"}],"replies":[{"embeddable":true,"href":"https:\/\/colcar.cl\/inicio\/wp-json\/wp\/v2\/comments?post=2899"}],"version-history":[{"count":1,"href":"https:\/\/colcar.cl\/inicio\/wp-json\/wp\/v2\/posts\/2899\/revisions"}],"predecessor-version":[{"id":2901,"href":"https:\/\/colcar.cl\/inicio\/wp-json\/wp\/v2\/posts\/2899\/revisions\/2901"}],"wp:featuredmedia":[{"embeddable":true,"href":"https:\/\/colcar.cl\/inicio\/wp-json\/wp\/v2\/media\/2900"}],"wp:attachment":[{"href":"https:\/\/colcar.cl\/inicio\/wp-json\/wp\/v2\/media?parent=2899"}],"wp:term":[{"taxonomy":"category","embeddable":true,"href":"https:\/\/colcar.cl\/inicio\/wp-json\/wp\/v2\/categories?post=2899"},{"taxonomy":"post_tag","embeddable":true,"href":"https:\/\/colcar.cl\/inicio\/wp-json\/wp\/v2\/tags?post=2899"}],"curies":[{"name":"wp","href":"https:\/\/api.w.org\/{rel}","templated":true}]}}