{"id":2812,"date":"2025-12-11T23:32:58","date_gmt":"2025-12-11T23:32:58","guid":{"rendered":"https:\/\/colcar.cl\/inicio\/?p=2812"},"modified":"2025-12-11T23:32:58","modified_gmt":"2025-12-11T23:32:58","slug":"delegacion-de-estudiantes-del-instituto-del-mar","status":"publish","type":"post","link":"https:\/\/colcar.cl\/inicio\/delegacion-de-estudiantes-del-instituto-del-mar\/","title":{"rendered":"Delegaci\u00f3n de estudiantes del Instituto del Mar"},"content":{"rendered":"\n<p>La delegaci\u00f3n de estudiantes del Instituto del Mar de Chonchi realiz\u00f3 una visita el d\u00eda 11 de diciembre al Colegio Carmela Carvajal, en la Isla Quiriquina, en el marco de su experiencia vocacional en la Escuela de Grumetes.<\/p>\n\n\n\n<p>La delegaci\u00f3n fue cordialmente recibida por la directora del establecimiento, se\u00f1ora Daniela Cuevas, quien comparti\u00f3 con ellos la realidad educativa de la isla y el trabajo que desarrollan con su comunidad escolar.<\/p>\n\n\n\n<p>Esta instancia permiti\u00f3 a nuestros j\u00f3venes ampliar su mirada formativa, conocer nuevas realidades educativas y fortalecer su motivaci\u00f3n por seguir proyectando su futuro en el \u00e1mbito mar\u00edtimo. Una oportunidad enriquecedora que reafirma nuestro compromiso con la formaci\u00f3n integral y las experiencias significativas para nuestros estudiantes.<\/p>\n","protected":false},"excerpt":{"rendered":"<p>La delegaci\u00f3n de estudiantes del Instituto del Mar de Chonchi realiz\u00f3 una visita el d\u00eda 11 de diciembre al Colegio Carmela Carvajal, en la Isla Quiriquina, en el marco de su experiencia vocacional en la Escuela de Grumetes. La delegaci\u00f3n fue cordialmente recibida por la directora del establecimiento, se\u00f1ora Daniela Cuevas, quien comparti\u00f3 con ellos [&hellip;]<\/p>\n","protected":false},"author":3,"featured_media":2813,"comment_status":"open","ping_status":"open","sticky":false,"template":"","format":"standard","meta":{"footnotes":""},"categories":[1],"tags":[],"class_list":["post-2812","post","type-post","status-publish","format-standard","has-post-thumbnail","hentry","category-uncategorized"],"_links":{"self":[{"href":"https:\/\/colcar.cl\/inicio\/wp-json\/wp\/v2\/posts\/2812","targetHints":{"allow":["GET"]}}],"collection":[{"href":"https:\/\/colcar.cl\/inicio\/wp-json\/wp\/v2\/posts"}],"about":[{"href":"https:\/\/colcar.cl\/inicio\/wp-json\/wp\/v2\/types\/post"}],"author":[{"embeddable":true,"href":"https:\/\/colcar.cl\/inicio\/wp-json\/wp\/v2\/users\/3"}],"replies":[{"embeddable":true,"href":"https:\/\/colcar.cl\/inicio\/wp-json\/wp\/v2\/comments?post=2812"}],"version-history":[{"count":1,"href":"https:\/\/colcar.cl\/inicio\/wp-json\/wp\/v2\/posts\/2812\/revisions"}],"predecessor-version":[{"id":2815,"href":"https:\/\/colcar.cl\/inicio\/wp-json\/wp\/v2\/posts\/2812\/revisions\/2815"}],"wp:featuredmedia":[{"embeddable":true,"href":"https:\/\/colcar.cl\/inicio\/wp-json\/wp\/v2\/media\/2813"}],"wp:attachment":[{"href":"https:\/\/colcar.cl\/inicio\/wp-json\/wp\/v2\/media?parent=2812"}],"wp:term":[{"taxonomy":"category","embeddable":true,"href":"https:\/\/colcar.cl\/inicio\/wp-json\/wp\/v2\/categories?post=2812"},{"taxonomy":"post_tag","embeddable":true,"href":"https:\/\/colcar.cl\/inicio\/wp-json\/wp\/v2\/tags?post=2812"}],"curies":[{"name":"wp","href":"https:\/\/api.w.org\/{rel}","templated":true}]}}